{"id":7982,"date":"2026-08-31T19:27:03","date_gmt":"2026-08-31T19:27:03","guid":{"rendered":"https:\/\/montessoridelmundo.org\/?p=7982"},"modified":"2026-08-31T23:31:13","modified_gmt":"2026-08-31T23:31:13","slug":"the-path-that-brought-us-home","status":"publish","type":"post","link":"https:\/\/montessoridelmundo.org\/es\/the-path-that-brought-us-home\/","title":{"rendered":"El camino que nos trajo a casa"},"content":{"rendered":"<div data-elementor-type=\"wp-post\" data-elementor-id=\"7982\" class=\"elementor elementor-7982\">\n\t\t\t\t<div class=\"elementor-element elementor-element-effc45c e-flex e-con-boxed e-con e-parent\" data-id=\"effc45c\" data-element_type=\"container\" data-e-type=\"container\">\n\t\t\t\t\t<div class=\"e-con-inner\">\n\t\t\t\t<div class=\"elementor-element elementor-element-c75aec0 elementor-widget elementor-widget-text-editor\" data-id=\"c75aec0\" data-element_type=\"widget\" data-e-type=\"widget\" data-widget_type=\"text-editor.default\">\n\t\t\t\t<div class=\"elementor-widget-container\">\n\t\t\t\t\t\t\t\t\t<p dir=\"ltr\" style=\"line-height: 1.2; margin-top: 0pt; margin-bottom: 0pt;\"><span style=\"font-size: 10pt; font-family: Lato,sans-serif; color: #000000; background-color: transparent; font-weight: 400; font-style: normal; font-variant: normal; text-decoration: none; vertical-align: baseline; white-space: pre-wrap;\">Cada a\u00f1o, termino mis vacaciones de verano con una larga caminata. El sutil cambio en el aire al final del verano me prepara para recibir nuevamente a nuestros estudiantes y comenzar juntos el camino hacia un nuevo a\u00f1o escolar.\n\nAlgunas caminatas ofrecen vistas despejadas y senderos sin obst\u00e1culos. La caminata con la que cerr\u00e9 este verano no fue as\u00ed en absoluto. La lluvia dificultaba la vista, un \u00e1rbol ca\u00eddo bloqueaba el camino y, por momentos, incluso era dif\u00edcil encontrar el sendero. Una caminata que deb\u00eda durar dos horas termin\u00f3 tomando cuatro. Pero segu\u00ed adelante y, al final, fui recompensada con una vista impresionante.<\/span><\/p><p><b id=\"docs-internal-guid-9b268bdd-7fff-8eda-fd7f-70a5110e1298\" style=\"font-weight: normal;\">\u00a0<\/b><\/p><p dir=\"ltr\" style=\"line-height: 1.2; margin-top: 0pt; margin-bottom: 0pt;\"><span style=\"font-size: 10pt; font-family: Lato,sans-serif; color: #000000; background-color: transparent; font-weight: 400; font-style: normal; font-variant: normal; text-decoration: none; vertical-align: baseline; white-space: pre-wrap;\">Mientras descend\u00eda por el sendero, pens\u00e9 en lo perfecta que era esa experiencia como met\u00e1fora de este a\u00f1o escolar. Este mes hemos tenido mucho que celebrar. Nos mudamos a nuestro nuevo hogar escolar y dimos la bienvenida a nuestra primera generaci\u00f3n de estudiantes de 8.\u00ba grado. Estos dos acontecimientos representan hitos muy importantes para nuestra comunidad y no podr\u00edamos estar m\u00e1s emocionados. La vista desde aqu\u00ed es hermosa.<\/span><\/p><p><b style=\"font-weight: normal;\">\u00a0<\/b><\/p><p dir=\"ltr\" style=\"line-height: 1.2; margin-top: 0pt; margin-bottom: 0pt;\"><span style=\"font-size: 10pt; font-family: Lato,sans-serif; color: #000000; background-color: transparent; font-weight: 400; font-style: normal; font-variant: normal; text-decoration: none; vertical-align: baseline; white-space: pre-wrap;\">Pero el camino para llegar hasta aqu\u00ed fue muy parecido al sendero de mi caminata: lleno de desv\u00edos, obst\u00e1culos y contratiempos. Al finalizar el ciclo escolar pasado, perdimos el espacio al que hab\u00edamos llamado hogar durante 12 a\u00f1os. Durante semanas, despu\u00e9s de terminar las clases, todo el personal trabaj\u00f3 empacando nuestros muebles, materiales y suministros en remolques, donde permanecieron inaccesibles durante dos meses.\u00a0<\/span><\/p><p><b style=\"font-weight: normal;\">\u00a0<\/b><\/p><p dir=\"ltr\" style=\"line-height: 1.2; margin-top: 0pt; margin-bottom: 0pt;\"><span style=\"font-size: 10pt; font-family: Lato,sans-serif; color: #000000; background-color: transparent; font-weight: 400; font-style: normal; font-variant: normal; text-decoration: none; vertical-align: baseline; white-space: pre-wrap;\">Despu\u00e9s de unas vacaciones de verano m\u00e1s cortas debido a la mudanza, el personal tuvo que trabajar de manera remota porque no pudimos acceder al nuevo edificio antes del 10 de agosto. Comenzaron los trabajos de instalaci\u00f3n de nuevos pisos y gabinetes, pero, como suele suceder, el proceso tom\u00f3 mucho m\u00e1s tiempo de lo esperado. Algunos materiales que deb\u00edan instalarse a finales de julio no llegaron sino hasta el 9 de agosto. A pesar de los retrasos, casi milagrosamente, la construcci\u00f3n termin\u00f3 a tiempo para que pudi\u00e9ramos mudarnos el 10 de agosto.<\/span><\/p><p><b style=\"font-weight: normal;\">\u00a0<\/b><\/p><p dir=\"ltr\" style=\"line-height: 1.2; margin-top: 0pt; margin-bottom: 0pt;\"><span style=\"font-size: 10pt; font-family: Lato,sans-serif; color: #000000; background-color: transparent; font-weight: 400; font-style: normal; font-variant: normal; text-decoration: none; vertical-align: baseline; white-space: pre-wrap;\">Tuvimos una semana para instalarnos y prepararnos para comenzar el 17 de agosto. Desempacamos las pertenencias de 10 remolques, preparamos nuestros salones y \u00e1reas administrativas, y realizamos una jornada de puertas abiertas para recibir a las familias en nuestro nuevo espacio. Ya pod\u00edamos ver la cima, y est\u00e1bamos listos.<\/span><\/p><p dir=\"ltr\" style=\"line-height: 1.2; margin-top: 0pt; margin-bottom: 0pt;\"><span style=\"font-size: 10pt; font-family: Lato,sans-serif; color: #000000; background-color: transparent; font-weight: 400; font-style: normal; font-variant: normal; text-decoration: none; vertical-align: baseline; white-space: pre-wrap;\"><br \/><\/span><span style=\"font-size: 10pt; font-family: Lato,sans-serif; color: #000000; background-color: transparent; font-weight: 400; font-style: normal; font-variant: normal; text-decoration: none; vertical-align: baseline; white-space: pre-wrap;\">Pero, como result\u00f3, nuestro dif\u00edcil recorrido a\u00fan no hab\u00eda terminado. El s\u00e1bado 15 de agosto llegaron fuertes lluvias que da\u00f1aron la nueva \u00e1rea de Secundaria, as\u00ed como varios salones y oficinas del edificio. El equipo directivo trabaj\u00f3 r\u00e1pidamente con el propietario para encontrar a los contratistas adecuados y reparar los espacios. Gracias a ese trabajo r\u00e1pido y minucioso, pudimos abrir apenas una semana despu\u00e9s de la fecha que hab\u00edamos planeado.<\/span><\/p><p><b style=\"font-weight: normal;\">\u00a0<\/b><\/p><p dir=\"ltr\" style=\"line-height: 1.2; margin-top: 0pt; margin-bottom: 0pt;\"><span style=\"font-size: 10pt; font-family: Lato,sans-serif; color: #000000; background-color: transparent; font-weight: 400; font-style: normal; font-variant: normal; text-decoration: none; vertical-align: baseline; white-space: pre-wrap;\">Cuando una larga caminata toma un giro inesperado, puedes elegir dar la vuelta o seguir adelante. Puedes encontrar el siguiente paso, y despu\u00e9s el siguiente, hasta llegar al lugar donde siempre deb\u00edas estar.\u00a0<\/span><\/p><p><b style=\"font-weight: normal;\">\u00a0<\/b><\/p><p dir=\"ltr\" style=\"line-height: 1.2; margin-top: 0pt; margin-bottom: 0pt;\"><span style=\"font-size: 10pt; font-family: Lato,sans-serif; color: #000000; background-color: transparent; font-weight: 400; font-style: normal; font-variant: normal; text-decoration: none; vertical-align: baseline; white-space: pre-wrap;\">En cada uno de estos desv\u00edos, elegimos encontrar el siguiente punto de apoyo. Maestros y administradores dedicaron gran parte de sus vacaciones de verano a hacer posible esta apertura. Empacaron, planearon, se comunicaron con las familias y trabajaron contrarreloj para llevarnos a nuestro nuevo hogar. Su dedicaci\u00f3n es la raz\u00f3n por la que hoy podemos estar en salones ya preparados, en lugar de seguir desempacando cajas.<\/span><\/p><p><b style=\"font-weight: normal;\">\u00a0<\/b><\/p><p dir=\"ltr\" style=\"line-height: 1.2; margin-top: 0pt; margin-bottom: 0pt;\"><span style=\"font-size: 10pt; font-family: Lato,sans-serif; color: #000000; background-color: transparent; font-weight: 400; font-style: normal; font-variant: normal; text-decoration: none; vertical-align: baseline; white-space: pre-wrap;\">No estuvieron solos en el camino. Nuestro PTO fue fundamental para hacer posible esta mudanza: ayud\u00f3 a empacar cajas en mayo y junio y, en agosto, a preparar nuestra nueva biblioteca. Los miembros de la mesa directiva tambi\u00e9n estuvieron presentes para ayudar a empacar, llevar comida durante las largas jornadas y ofrecer su tiempo cuando m\u00e1s se necesitaba.\n\nAdem\u00e1s, durante los meses previos a la mudanza, la mesa directiva trabaj\u00f3 cuidadosamente detr\u00e1s de escena, evaluando este nuevo espacio, haciendo las preguntas necesarias y asegur\u00e1ndose de que fuera el hogar permanente adecuado para nuestra escuela.\u00a0<\/span><\/p><p><b style=\"font-weight: normal;\">\u00a0<\/b><\/p><p dir=\"ltr\" style=\"line-height: 1.2; margin-top: 0pt; margin-bottom: 0pt;\"><span style=\"font-size: 10pt; font-family: Lato,sans-serif; color: #000000; background-color: transparent; font-weight: 400; font-style: normal; font-variant: normal; text-decoration: none; vertical-align: baseline; white-space: pre-wrap;\">Todos aportaron algo para ayudarnos a llegar hasta aqu\u00ed. Una y otra vez, toda nuestra comunidad eligi\u00f3 seguir adelante y continuar juntos esta aventura.\u00a0<\/span><\/p><p><b style=\"font-weight: normal;\">\u00a0<\/b><\/p><p dir=\"ltr\" style=\"line-height: 1.2; margin-top: 0pt; margin-bottom: 0pt;\"><span style=\"font-size: 10pt; font-family: Lato,sans-serif; color: #000000; background-color: transparent; font-weight: 400; font-style: normal; font-variant: normal; text-decoration: none; vertical-align: baseline; white-space: pre-wrap;\">Y ahora estamos aqu\u00ed. Nuestra escuela est\u00e1 abierta y llena de vida en este nuevo edificio. Nuestra primera generaci\u00f3n de estudiantes de 8.\u00ba grado ya recorre los pasillos. Es un momento hist\u00f3rico que hoy podemos celebrar porque tantas personas decidieron que un verano dif\u00edcil no ser\u00eda motivo para dejar de avanzar.<\/span><\/p><p><b style=\"font-weight: normal;\">\u00a0<\/b><\/p><p dir=\"ltr\" style=\"line-height: 1.2; margin-top: 0pt; margin-bottom: 0pt;\"><span style=\"font-size: 10pt; font-family: Lato,sans-serif; color: #000000; background-color: transparent; font-weight: 400; font-style: normal; font-variant: normal; text-decoration: none; vertical-align: baseline; white-space: pre-wrap;\">Gracias a cada maestro, administrador, miembro del PTO, integrante de la mesa directiva y familia que empac\u00f3 una caja, llev\u00f3 comida o se qued\u00f3 hasta tarde para ayudar. Este edificio es hoy nuestro hogar gracias a todos ustedes.<\/span><\/p><p dir=\"ltr\" style=\"line-height: 1.2; margin-top: 0pt; margin-bottom: 0pt;\"><span style=\"font-size: 10pt; font-family: Lato,sans-serif; color: #000000; background-color: transparent; font-weight: 400; font-style: normal; font-variant: normal; text-decoration: none; vertical-align: baseline; white-space: pre-wrap;\">Bienvenidos a casa, Montessori del Mundo. Nos llena de alegr\u00eda poder disfrutar juntos de esta vista.<\/span><\/p><p dir=\"ltr\">\u00a0<\/p><p dir=\"ltr\">Wendy Renee<\/p>\t\t\t\t\t\t\t\t<\/div>\n\t\t\t\t<\/div>\n\t\t\t\t\t<\/div>\n\t\t\t\t<\/div>\n\t\t\t\t<\/div>","protected":false},"excerpt":{"rendered":"<p>Every year, I wrap up my summer break with a long hike. The subtle change in the late summer air prepares me to welcome back our students and forge our path through the new school year together. Some hikes bring clear views and an unobstructed trail. This year\u2019s end-of-summer hike was not like that at [&hellip;]<\/p>\n","protected":false},"author":1,"featured_media":8165,"comment_status":"closed","ping_status":"closed","sticky":false,"template":"","format":"standard","meta":{"_eb_attr":"","site-sidebar-layout":"default","site-content-layout":"","ast-site-content-layout":"default","site-content-style":"default","site-sidebar-style":"default","ast-global-header-display":"","ast-banner-title-visibility":"","ast-main-header-display":"","ast-hfb-above-header-display":"","ast-hfb-below-header-display":"","ast-hfb-mobile-header-display":"","site-post-title":"","ast-breadcrumbs-content":"","ast-featured-img":"","footer-sml-layout":"","ast-disable-related-posts":"","theme-transparent-header-meta":"","adv-header-id-meta":"","stick-header-meta":"","header-above-stick-meta":"","header-main-stick-meta":"","header-below-stick-meta":"","astra-migrate-meta-layouts":"set","ast-page-background-enabled":"default","ast-page-background-meta":{"desktop":{"background-color":"var(--ast-global-color-4)","background-image":"","background-repeat":"repeat","background-position":"center center","background-size":"auto","background-attachment":"scroll","background-type":"","background-media":"","overlay-type":"","overlay-color":"","overlay-opacity":"","overlay-gradient":""},"tablet":{"background-color":"","background-image":"","background-repeat":"repeat","background-position":"center center","background-size":"auto","background-attachment":"scroll","background-type":"","background-media":"","overlay-type":"","overlay-color":"","overlay-opacity":"","overlay-gradient":""},"mobile":{"background-color":"","background-image":"","background-repeat":"repeat","background-position":"center center","background-size":"auto","background-attachment":"scroll","background-type":"","background-media":"","overlay-type":"","overlay-color":"","overlay-opacity":"","overlay-gradient":""}},"ast-content-background-meta":{"desktop":{"background-color":"var(--ast-global-color-5)","background-image":"","background-repeat":"repeat","background-position":"center center","background-size":"auto","background-attachment":"scroll","background-type":"","background-media":"","overlay-type":"","overlay-color":"","overlay-opacity":"","overlay-gradient":""},"tablet":{"background-color":"var(--ast-global-color-5)","background-image":"","background-repeat":"repeat","background-position":"center center","background-size":"auto","background-attachment":"scroll","background-type":"","background-media":"","overlay-type":"","overlay-color":"","overlay-opacity":"","overlay-gradient":""},"mobile":{"background-color":"var(--ast-global-color-5)","background-image":"","background-repeat":"repeat","background-position":"center center","background-size":"auto","background-attachment":"scroll","background-type":"","background-media":"","overlay-type":"","overlay-color":"","overlay-opacity":"","overlay-gradient":""}},"_cloudinary_featured_overwrite":false,"footnotes":""},"categories":[1],"tags":[],"class_list":["post-7982","post","type-post","status-publish","format-standard","has-post-thumbnail","hentry","category-uncategorized"],"_links":{"self":[{"href":"https:\/\/montessoridelmundo.org\/es\/wp-json\/wp\/v2\/posts\/7982","targetHints":{"allow":["GET"]}}],"collection":[{"href":"https:\/\/montessoridelmundo.org\/es\/wp-json\/wp\/v2\/posts"}],"about":[{"href":"https:\/\/montessoridelmundo.org\/es\/wp-json\/wp\/v2\/types\/post"}],"author":[{"embeddable":true,"href":"https:\/\/montessoridelmundo.org\/es\/wp-json\/wp\/v2\/users\/1"}],"replies":[{"embeddable":true,"href":"https:\/\/montessoridelmundo.org\/es\/wp-json\/wp\/v2\/comments?post=7982"}],"version-history":[{"count":13,"href":"https:\/\/montessoridelmundo.org\/es\/wp-json\/wp\/v2\/posts\/7982\/revisions"}],"predecessor-version":[{"id":8273,"href":"https:\/\/montessoridelmundo.org\/es\/wp-json\/wp\/v2\/posts\/7982\/revisions\/8273"}],"wp:featuredmedia":[{"embeddable":true,"href":"https:\/\/montessoridelmundo.org\/es\/wp-json\/wp\/v2\/media\/8165"}],"wp:attachment":[{"href":"https:\/\/montessoridelmundo.org\/es\/wp-json\/wp\/v2\/media?parent=7982"}],"wp:term":[{"taxonomy":"category","embeddable":true,"href":"https:\/\/montessoridelmundo.org\/es\/wp-json\/wp\/v2\/categories?post=7982"},{"taxonomy":"post_tag","embeddable":true,"href":"https:\/\/montessoridelmundo.org\/es\/wp-json\/wp\/v2\/tags?post=7982"}],"curies":[{"name":"wp","href":"https:\/\/api.w.org\/{rel}","templated":true}]}}